{"id":736,"date":"2021-09-30T08:40:14","date_gmt":"2021-09-30T07:40:14","guid":{"rendered":"http:\/\/sirius.orlicemb.cz\/subdom\/sirius\/?p=736"},"modified":"2022-10-02T11:36:25","modified_gmt":"2022-10-02T10:36:25","slug":"indianske-leto","status":"publish","type":"post","link":"https:\/\/sirius.orlicemb.cz\/subdom\/sirius\/?p=736","title":{"rendered":"Indi\u00e1nsk\u00e9 l\u00e9to"},"content":{"rendered":"\n<p>V sobotu <strong><span class=\"has-inline-color has-blue-color\">2. \u0159\u00edjna <\/span><\/strong>si trochu zasout\u011b\u017e\u00edme v \u0161estk\u00e1ch na <strong><span style=\"color:#ebb104\" class=\"has-inline-color\">celodenn\u00ed akci ve Velk\u00e9m Mezi\u0159\u00ed\u010d\u00ed<\/span><\/strong>, pojedeme autobusem, kter\u00fd objedn\u00e1v\u00e1 st\u0159edisko. <br>Odjezd je ze zast\u00e1vky Urb\u00e1nkova v MB <a rel=\"noreferrer noopener\" href=\"https:\/\/mapy.cz\/s\/fedejupeba\" target=\"_blank\">https:\/\/mapy.cz\/s\/fedejupeba<\/a> (stejn\u00e1 zast\u00e1vka jako odkud odj\u00ed\u017ed\u00edme na t\u00e1bor) <strong><span class=\"has-inline-color has-blue-color\">v 7:50<\/span><\/strong> se uvid\u00edme na m\u00edst\u011b \ud83d\ude42 <br>Vyzvednout si v\u00e1s rodi\u010de budou moci <strong><span class=\"has-inline-color has-blue-color\">v 18:00<\/span><\/strong> <strong><span class=\"has-inline-color has-blue-color\">na t\u00e9 sam\u00e9 zast\u00e1vce<\/span><\/strong> &#8211; nakonec <strong><span style=\"color:#ebb104\" class=\"has-inline-color\">NE u klubovny<\/span><\/strong><\/p>\n\n\n\n<p><strong><span style=\"color:#0071a1\" class=\"has-inline-color\">Co n\u00e1s \u010dek\u00e1? <\/span><\/strong>k\u00e1noe, GPS orientace, vodn\u00ed turb\u00edna, v\u00fdhled na m\u011bsto, zmrzka, ohn\u011b, z\u00e1vody lodi\u010dek, lanov\u00e9 p\u0159ek\u00e1\u017eky a na z\u00e1v\u011br velk\u00e1 bojovka s hadrkoulemi.<br>S sebou nezapome\u0148te klasick\u00e9 vybaven\u00ed na 1 denn\u00ed v\u00fdpravu (kdo m\u00e1 zrovna hlavu d\u011bravou, tak seznam najdete tady na str\u00e1nk\u00e1ch v z\u00e1lo\u017ece &#8222;Pro \u010dleny&#8220; -> &#8222;Pot\u0159ebn\u00e9 vybaven\u00ed&#8220;) + sva\u010dinu na cel\u00fd den a n\u00e1hradn\u00ed oble\u010den\u00ed<br>Je pot\u0159eba don\u00e9st k autobusu <strong><span style=\"color:#ebb104\" class=\"has-inline-color\">vypln\u011bn\u00fd l\u00edste\u010dek<\/span><\/strong>, \u017ee m\u016f\u017eete na akci jet, ten je v p\u0159\u00edloze k tomuto p\u0159\u00edsp\u011bvku \ud83d\ude42 <\/p>\n\n\n\n<div class=\"wp-block-file\"><a href=\"http:\/\/sirius.orlicemb.cz\/subdom\/sirius\/wp-content\/uploads\/2021\/09\/Listecek-na-IL.docx\">Listecek-na-IL<\/a><a href=\"http:\/\/sirius.orlicemb.cz\/subdom\/sirius\/wp-content\/uploads\/2021\/09\/Listecek-na-IL.docx\" class=\"wp-block-file__button\" download>St\u00e1hnout<\/a><\/div>\n\n\n\n<figure class=\"wp-block-image size-large\"><a href=\"http:\/\/sirius.orlicemb.cz\/subdom\/sirius\/wp-content\/uploads\/2021\/09\/velmez.jpg\"><img loading=\"lazy\" decoding=\"async\" width=\"740\" height=\"490\" src=\"http:\/\/sirius.orlicemb.cz\/subdom\/sirius\/wp-content\/uploads\/2021\/09\/velmez.jpg\" alt=\"\" class=\"wp-image-738\" srcset=\"https:\/\/sirius.orlicemb.cz\/subdom\/sirius\/wp-content\/uploads\/2021\/09\/velmez.jpg 740w, https:\/\/sirius.orlicemb.cz\/subdom\/sirius\/wp-content\/uploads\/2021\/09\/velmez-300x199.jpg 300w, https:\/\/sirius.orlicemb.cz\/subdom\/sirius\/wp-content\/uploads\/2021\/09\/velmez-150x99.jpg 150w, https:\/\/sirius.orlicemb.cz\/subdom\/sirius\/wp-content\/uploads\/2021\/09\/velmez-624x413.jpg 624w\" sizes=\"auto, (max-width: 740px) 100vw, 740px\" \/><\/a><figcaption>m\u011bsto Velk\u00e9 Mezi\u0159\u00ed\u010d\u00ed<\/figcaption><\/figure>\n","protected":false},"excerpt":{"rendered":"<p>V sobotu 2. \u0159\u00edjna si trochu zasout\u011b\u017e\u00edme v \u0161estk\u00e1ch na celodenn\u00ed akci ve Velk\u00e9m Mezi\u0159\u00ed\u010d\u00ed, pojedeme autobusem, kter\u00fd objedn\u00e1v\u00e1 st\u0159edisko. Odjezd je ze zast\u00e1vky Urb\u00e1nkova v MB https:\/\/mapy.cz\/s\/fedejupeba (stejn\u00e1 zast\u00e1vka jako odkud odj\u00ed\u017ed\u00edme na t\u00e1bor) v 7:50 se uvid\u00edme na m\u00edst\u011b \ud83d\ude42 Vyzvednout si v\u00e1s rodi\u010de budou moci v 18:00 na t\u00e9 sam\u00e9 zast\u00e1vce &#8211; [&hellip;]<\/p>\n","protected":false},"author":1,"featured_media":0,"comment_status":"open","ping_status":"open","sticky":false,"template":"","format":"standard","meta":{"footnotes":""},"categories":[30],"tags":[],"class_list":["post-736","post","type-post","status-publish","format-standard","hentry","category-vylety"],"_links":{"self":[{"href":"https:\/\/sirius.orlicemb.cz\/subdom\/sirius\/index.php?rest_route=\/wp\/v2\/posts\/736","targetHints":{"allow":["GET"]}}],"collection":[{"href":"https:\/\/sirius.orlicemb.cz\/subdom\/sirius\/index.php?rest_route=\/wp\/v2\/posts"}],"about":[{"href":"https:\/\/sirius.orlicemb.cz\/subdom\/sirius\/index.php?rest_route=\/wp\/v2\/types\/post"}],"author":[{"embeddable":true,"href":"https:\/\/sirius.orlicemb.cz\/subdom\/sirius\/index.php?rest_route=\/wp\/v2\/users\/1"}],"replies":[{"embeddable":true,"href":"https:\/\/sirius.orlicemb.cz\/subdom\/sirius\/index.php?rest_route=%2Fwp%2Fv2%2Fcomments&post=736"}],"version-history":[{"count":3,"href":"https:\/\/sirius.orlicemb.cz\/subdom\/sirius\/index.php?rest_route=\/wp\/v2\/posts\/736\/revisions"}],"predecessor-version":[{"id":742,"href":"https:\/\/sirius.orlicemb.cz\/subdom\/sirius\/index.php?rest_route=\/wp\/v2\/posts\/736\/revisions\/742"}],"wp:attachment":[{"href":"https:\/\/sirius.orlicemb.cz\/subdom\/sirius\/index.php?rest_route=%2Fwp%2Fv2%2Fmedia&parent=736"}],"wp:term":[{"taxonomy":"category","embeddable":true,"href":"https:\/\/sirius.orlicemb.cz\/subdom\/sirius\/index.php?rest_route=%2Fwp%2Fv2%2Fcategories&post=736"},{"taxonomy":"post_tag","embeddable":true,"href":"https:\/\/sirius.orlicemb.cz\/subdom\/sirius\/index.php?rest_route=%2Fwp%2Fv2%2Ftags&post=736"}],"curies":[{"name":"wp","href":"https:\/\/api.w.org\/{rel}","templated":true}]}}